{"id":2992,"date":"2024-04-18T07:06:17","date_gmt":"2024-04-18T05:06:17","guid":{"rendered":"https:\/\/orientalevenezia.beniculturali.it\/?p=2992"},"modified":"2024-04-18T07:06:18","modified_gmt":"2024-04-18T05:06:18","slug":"marco-polo-e-gli-altri-viaggi-e-viaggiatori-tra-venezia-e-lasia-2","status":"publish","type":"post","link":"https:\/\/orientalevenezia.beniculturali.it\/en\/marco-polo-e-gli-altri-viaggi-e-viaggiatori-tra-venezia-e-lasia-2\/","title":{"rendered":"Marco Polo e gli altri | Viaggi e viaggiatori tra Venezia e l\u2019Asia"},"content":{"rendered":"<p><strong>Ciclo di conferenze, marzo-aprile 2024<\/strong><\/p>\n\n\n\n<p><strong>Marted\u00ec 23 aprile 2024, ore 17.00<\/strong><\/p>\n\n\n\n<p><em>Viaggi sul filo della seta. Storie ottocentesche di bachi e cavalieri tra Veneto e Asia<\/em>, Elisa Bellato<\/p>\n\n\n\n<p>Le epidemie stravolgono mondi, ma aprono anche scenari inediti. Cos\u00ec \u00e8 avvenuto per la pebrina, una malattia epidemica del baco da seta che a met\u00e0 Ottocento ha messo in ginocchio la florida produzione sericola europea, costringendo alla ricerca di seme bachi sano in Oriente e dando avvio a una nuova frontiera di scambi non solo commerciali.<\/p>\n\n\n\n<p>Elisa Bellato si occupa di patrimonio culturale da una prospettiva antropologica. Ha progettato musei ed esposizioni di interesse etnografico, tra cui il Museo del baco da seta di Vittorio Veneto (TV). Sempre in tema seta, \u00e8 del 2022 la pubblicazione per l\u2019Universit\u00e0 di Padova \u201cCavalieri, conti e contadini. Indagine sulla bachi-sericoltura nel compendio di villa Revedin Bolasco\u201d. In ambito veneziano un suo tema di ricerca riguarda l\u2019artigianato della gondola in relazione alle trasformazioni della citt\u00e0 di Venezia. Insegna Antropologia culturale all\u2019Universit\u00e0 La Sapienza di Roma<\/p>","protected":false},"excerpt":{"rendered":"<p>Ciclo di conferenze, marzo-aprile 2024 Marted\u00ec 23 aprile 2024, ore 17.00 Viaggi sul filo della seta. Storie ottocentesche di bachi e cavalieri tra Veneto e Asia, Elisa Bellato Le epidemie stravolgono mondi, ma aprono anche scenari inediti. Cos\u00ec \u00e8 avvenuto per la pebrina, una malattia epidemica del baco da seta che a met\u00e0 Ottocento ha &hellip;<\/p>\n<p class=\"read-more\"> <a class=\"\" href=\"https:\/\/orientalevenezia.beniculturali.it\/en\/marco-polo-e-gli-altri-viaggi-e-viaggiatori-tra-venezia-e-lasia-2\/\"> <span class=\"screen-reader-text\">Marco Polo e gli altri | Viaggi e viaggiatori tra Venezia e l\u2019Asia<\/span> Read More &raquo;<\/a><\/p>","protected":false},"author":1,"featured_media":2990,"comment_status":"open","ping_status":"open","sticky":false,"template":"","format":"standard","meta":{"footnotes":""},"categories":[19],"tags":[125,121,123,134],"class_list":["post-2992","post","type-post","status-publish","format-standard","has-post-thumbnail","hentry","category-eventi-news-e-mostre","tag-laviadellaseta","tag-marcopolo","tag-marcopoloalmao","tag-viaggimarcopolo"],"_links":{"self":[{"href":"https:\/\/orientalevenezia.beniculturali.it\/en\/wp-json\/wp\/v2\/posts\/2992","targetHints":{"allow":["GET"]}}],"collection":[{"href":"https:\/\/orientalevenezia.beniculturali.it\/en\/wp-json\/wp\/v2\/posts"}],"about":[{"href":"https:\/\/orientalevenezia.beniculturali.it\/en\/wp-json\/wp\/v2\/types\/post"}],"author":[{"embeddable":true,"href":"https:\/\/orientalevenezia.beniculturali.it\/en\/wp-json\/wp\/v2\/users\/1"}],"replies":[{"embeddable":true,"href":"https:\/\/orientalevenezia.beniculturali.it\/en\/wp-json\/wp\/v2\/comments?post=2992"}],"version-history":[{"count":3,"href":"https:\/\/orientalevenezia.beniculturali.it\/en\/wp-json\/wp\/v2\/posts\/2992\/revisions"}],"predecessor-version":[{"id":2997,"href":"https:\/\/orientalevenezia.beniculturali.it\/en\/wp-json\/wp\/v2\/posts\/2992\/revisions\/2997"}],"wp:featuredmedia":[{"embeddable":true,"href":"https:\/\/orientalevenezia.beniculturali.it\/en\/wp-json\/wp\/v2\/media\/2990"}],"wp:attachment":[{"href":"https:\/\/orientalevenezia.beniculturali.it\/en\/wp-json\/wp\/v2\/media?parent=2992"}],"wp:term":[{"taxonomy":"category","embeddable":true,"href":"https:\/\/orientalevenezia.beniculturali.it\/en\/wp-json\/wp\/v2\/categories?post=2992"},{"taxonomy":"post_tag","embeddable":true,"href":"https:\/\/orientalevenezia.beniculturali.it\/en\/wp-json\/wp\/v2\/tags?post=2992"}],"curies":[{"name":"wp","href":"https:\/\/api.w.org\/{rel}","templated":true}]}}