{"id":3499,"date":"2026-04-10T11:04:03","date_gmt":"2026-04-10T09:04:03","guid":{"rendered":"https:\/\/orientalevenezia.beniculturali.it\/?p=3499"},"modified":"2026-04-10T11:04:03","modified_gmt":"2026-04-10T09:04:03","slug":"il-kimono-maschile-trame-di-vita-racconti-di-stile-martedi-14-aprile-2026-ore-15-30-conferenza-di-silvia-vesco-e-lydia-manavellocuratrici-della-mostra-introduce-chiara-squarcina-direttrice","status":"publish","type":"post","link":"https:\/\/orientalevenezia.beniculturali.it\/en\/il-kimono-maschile-trame-di-vita-racconti-di-stile-martedi-14-aprile-2026-ore-15-30-conferenza-di-silvia-vesco-e-lydia-manavellocuratrici-della-mostra-introduce-chiara-squarcina-direttrice\/","title":{"rendered":"Il kimono maschile | Trame di vita, racconti di stile | Marted\u00ec 14 aprile 2026, ore 15.30| Conferenza di Silvia Vesco e Lydia Manavello,curatrici della mostra | Introduce: Chiara Squarcina, Direttrice Scientifica della Fondazione Musei Civici di Venezia"},"content":{"rendered":"<figure class=\"wp-block-table\"><table class=\"has-fixed-layout\"><tbody><tr><td class=\"has-text-align-left\" data-align=\"left\"><\/td><\/tr><tr><td class=\"has-text-align-left\" data-align=\"left\">Silvia Vesco e Lydia Manavello, curatrici della mostra allestita presso il Museo di Palazzo Mocenigo, illustrano il percorso e le opere esposte. Introduce l\u2019incontro la Direttrice Scientifica della Fondazione Musei civici di Venezia.<br>Nei kimono maschili del primo Novecento la decorazione costituisce un\u2019affascinante quanto intensa narrazione capace di fornire preziose informazioni sull\u2019arte, la storia e la vita giapponesi. Esternamente sobrie, ma assai interessanti all\u2019interno, le vesti maschili d\u2019uso quotidiano costituiscono una parte consistente del ricco apparato tessile nipponico, racchiudendo e definendo un universo che, normalmente celato alla vista, si rende accessibile solo nel contesto privato: immagini suggestive o descrittive, sofisticate, abilmente tessute o dipinte, elaborate con minuzia o appena suggerite da qualche tratto d\u2019inchiostro, raccontano la cultura del Sol Levante con riferimenti alla letteratura e all\u2019arte della guerra, al mondo naturale e a quello filosofico-religioso. Inoltre, curiose illustrazioni connesse allo sport, all\u2019attualit\u00e0 e alle novit\u00e0 tecnologiche celebrano la modernit\u00e0 creando un\u2019immediata e inattesa relazione con il mondo occidentale<\/td><\/tr><\/tbody><\/table><\/figure>","protected":false},"excerpt":{"rendered":"<p>Silvia Vesco e Lydia Manavello, curatrici della mostra allestita presso il Museo di Palazzo Mocenigo, illustrano il percorso e le opere esposte. Introduce l\u2019incontro la Direttrice Scientifica della Fondazione Musei civici di Venezia.Nei kimono maschili del primo Novecento la decorazione costituisce un\u2019affascinante quanto intensa narrazione capace di fornire preziose informazioni sull\u2019arte, la storia e la &hellip;<\/p>\n<p class=\"read-more\"> <a class=\"\" href=\"https:\/\/orientalevenezia.beniculturali.it\/en\/il-kimono-maschile-trame-di-vita-racconti-di-stile-martedi-14-aprile-2026-ore-15-30-conferenza-di-silvia-vesco-e-lydia-manavellocuratrici-della-mostra-introduce-chiara-squarcina-direttrice\/\"> <span class=\"screen-reader-text\">Il kimono maschile | Trame di vita, racconti di stile | Marted\u00ec 14 aprile 2026, ore 15.30| Conferenza di Silvia Vesco e Lydia Manavello,curatrici della mostra | Introduce: Chiara Squarcina, Direttrice Scientifica della Fondazione Musei Civici di Venezia<\/span> Read More &raquo;<\/a><\/p>","protected":false},"author":1,"featured_media":0,"comment_status":"open","ping_status":"open","sticky":false,"template":"","format":"standard","meta":{"footnotes":""},"categories":[19],"tags":[],"class_list":["post-3499","post","type-post","status-publish","format-standard","hentry","category-eventi-news-e-mostre"],"_links":{"self":[{"href":"https:\/\/orientalevenezia.beniculturali.it\/en\/wp-json\/wp\/v2\/posts\/3499","targetHints":{"allow":["GET"]}}],"collection":[{"href":"https:\/\/orientalevenezia.beniculturali.it\/en\/wp-json\/wp\/v2\/posts"}],"about":[{"href":"https:\/\/orientalevenezia.beniculturali.it\/en\/wp-json\/wp\/v2\/types\/post"}],"author":[{"embeddable":true,"href":"https:\/\/orientalevenezia.beniculturali.it\/en\/wp-json\/wp\/v2\/users\/1"}],"replies":[{"embeddable":true,"href":"https:\/\/orientalevenezia.beniculturali.it\/en\/wp-json\/wp\/v2\/comments?post=3499"}],"version-history":[{"count":1,"href":"https:\/\/orientalevenezia.beniculturali.it\/en\/wp-json\/wp\/v2\/posts\/3499\/revisions"}],"predecessor-version":[{"id":3500,"href":"https:\/\/orientalevenezia.beniculturali.it\/en\/wp-json\/wp\/v2\/posts\/3499\/revisions\/3500"}],"wp:attachment":[{"href":"https:\/\/orientalevenezia.beniculturali.it\/en\/wp-json\/wp\/v2\/media?parent=3499"}],"wp:term":[{"taxonomy":"category","embeddable":true,"href":"https:\/\/orientalevenezia.beniculturali.it\/en\/wp-json\/wp\/v2\/categories?post=3499"},{"taxonomy":"post_tag","embeddable":true,"href":"https:\/\/orientalevenezia.beniculturali.it\/en\/wp-json\/wp\/v2\/tags?post=3499"}],"curies":[{"name":"wp","href":"https:\/\/api.w.org\/{rel}","templated":true}]}}